{"id":573,"date":"2023-10-27T19:46:50","date_gmt":"2023-10-27T17:46:50","guid":{"rendered":"https:\/\/rackeve.reformatus.hu\/?p=573"},"modified":"2023-10-27T19:46:50","modified_gmt":"2023-10-27T17:46:50","slug":"valasztoi-kozgyules","status":"publish","type":"post","link":"https:\/\/rackeve.reformatus.hu\/?p=573","title":{"rendered":"V\u00e1laszt\u00f3i k\u00f6zgy\u0171l\u00e9s"},"content":{"rendered":"<p>Kedves Testv\u00e9reink!<br \/>\nSzeretettel h\u00edvjuk \u00e9s v\u00e1rjuk minden v\u00e1laszt\u00e1sra jogosult egyh\u00e1ztagunkat az okt\u00f3ber 29-\u00e9n, vas\u00e1rnap 10-kor kezd\u0151d\u0151 istentiszteletre \u00e9s v\u00e1laszt\u00f3i k\u00f6zgy\u0171l\u00e9sre a templomba! A 2024 janu\u00e1r 1-j\u00e9t\u0151l kezd\u0151d\u0151 \u00fajabb 6 \u00e9ves id\u0151szakra kell megv\u00e1lasztanunk gy\u00fclekezet\u00fcnk f\u0151gondnok\u00e1t, a 24 tag\u00fa Presbit\u00e9riumot \u00e9s 6 p\u00f3tpresbitert.<br \/>\nKik vehetnek r\u00e9szt a szavaz\u00e1son? Akik szerepelnek a 2023-ra j\u00f3v\u00e1hagyott V\u00e1laszt\u00f3i N\u00e9vjegyz\u00e9kben, azaz 2022-ben is t\u00e1mogatt\u00e1k a gy\u00fclekezetet a fenntart\u00f3i j\u00e1rul\u00e9kuk befizet\u00e9s\u00e9vel. Szeretettel k\u00e9rj\u00fck, hogy min\u00e9l t\u00f6bben \u00e9lj\u00fcnk egyh\u00e1ztags\u00e1gunkb\u00f3l k\u00f6vetkez\u0151 jogunkkal \u00e9s k\u00f6teless\u00e9g\u00fcnkkel, hogy \u00e9rv\u00e9nyes legyen a vas\u00e1rnapi v\u00e1laszt\u00e1s, amihez minimum 101 v\u00e1laszt\u00f3 r\u00e9szv\u00e9tele sz\u00fcks\u00e9ges! J\u00f6jj\u00fcnk \u00e9s sz\u00f3l\u00edtsuk meg csal\u00e1dtagjainkat, ismer\u0151seinket!<br \/>\nA V\u00e1laszt\u00e1si Bizotts\u00e1g tagjai m\u00e1r 9.30-t\u00f3l v\u00e1rj\u00e1k az \u00e9rkez\u0151ket.<br \/>\nIsten \u00e1ld\u00e1sa legyen addig is mindny\u00e1junk \u00e9let\u00e9n!<br \/>\nK\u00e1lm\u00e1n B\u00e9la lelkip\u00e1sztor<\/p>\n","protected":false},"excerpt":{"rendered":"<p>Kedves Testv\u00e9reink! Szeretettel h\u00edvjuk \u00e9s v\u00e1rjuk minden v\u00e1laszt\u00e1sra jogosult egyh\u00e1ztagunkat az okt\u00f3ber 29-\u00e9n, vas\u00e1rnap 10-kor kezd\u0151d\u0151 istentiszteletre \u00e9s v\u00e1laszt\u00f3i k\u00f6zgy\u0171l\u00e9sre a templomba! A 2024 janu\u00e1r 1-j\u00e9t\u0151l kezd\u0151d\u0151 \u00fajabb 6 \u00e9ves id\u0151szakra kell megv\u00e1lasztanunk gy\u00fclekezet\u00fcnk f\u0151gondnok\u00e1t, a 24 tag\u00fa Presbit\u00e9riumot \u00e9s 6 p\u00f3tpresbitert. Kik vehetnek r\u00e9szt a szavaz\u00e1son? Akik szerepelnek a 2023-ra j\u00f3v\u00e1hagyott V\u00e1laszt\u00f3i N\u00e9vjegyz\u00e9kben, azaz &hellip; <\/p>\n<p class=\"link-more\"><a href=\"https:\/\/rackeve.reformatus.hu\/?p=573\" class=\"more-link\"><span class=\"screen-reader-text\">&#8222;V\u00e1laszt\u00f3i k\u00f6zgy\u0171l\u00e9s&#8221;<\/span> b\u0151vebben<\/a><\/p>\n","protected":false},"author":1,"featured_media":0,"comment_status":"open","ping_status":"closed","sticky":false,"template":"","format":"standard","meta":{"footnotes":""},"categories":[1],"tags":[],"class_list":["post-573","post","type-post","status-publish","format-standard","hentry","category-uncategorized"],"_links":{"self":[{"href":"https:\/\/rackeve.reformatus.hu\/index.php?rest_route=\/wp\/v2\/posts\/573","targetHints":{"allow":["GET"]}}],"collection":[{"href":"https:\/\/rackeve.reformatus.hu\/index.php?rest_route=\/wp\/v2\/posts"}],"about":[{"href":"https:\/\/rackeve.reformatus.hu\/index.php?rest_route=\/wp\/v2\/types\/post"}],"author":[{"embeddable":true,"href":"https:\/\/rackeve.reformatus.hu\/index.php?rest_route=\/wp\/v2\/users\/1"}],"replies":[{"embeddable":true,"href":"https:\/\/rackeve.reformatus.hu\/index.php?rest_route=%2Fwp%2Fv2%2Fcomments&post=573"}],"version-history":[{"count":1,"href":"https:\/\/rackeve.reformatus.hu\/index.php?rest_route=\/wp\/v2\/posts\/573\/revisions"}],"predecessor-version":[{"id":574,"href":"https:\/\/rackeve.reformatus.hu\/index.php?rest_route=\/wp\/v2\/posts\/573\/revisions\/574"}],"wp:attachment":[{"href":"https:\/\/rackeve.reformatus.hu\/index.php?rest_route=%2Fwp%2Fv2%2Fmedia&parent=573"}],"wp:term":[{"taxonomy":"category","embeddable":true,"href":"https:\/\/rackeve.reformatus.hu\/index.php?rest_route=%2Fwp%2Fv2%2Fcategories&post=573"},{"taxonomy":"post_tag","embeddable":true,"href":"https:\/\/rackeve.reformatus.hu\/index.php?rest_route=%2Fwp%2Fv2%2Ftags&post=573"}],"curies":[{"name":"wp","href":"https:\/\/api.w.org\/{rel}","templated":true}]}}