{"id":446,"date":"2021-09-11T21:04:06","date_gmt":"2021-09-11T19:04:06","guid":{"rendered":"https:\/\/rackeve.reformatus.hu\/?p=446"},"modified":"2021-09-11T21:07:25","modified_gmt":"2021-09-11T19:07:25","slug":"a-reformatus-gyermekistentiszteletek-rendje-2021-szeptembertol","status":"publish","type":"post","link":"https:\/\/rackeve.reformatus.hu\/?p=446","title":{"rendered":"A reform\u00e1tus gyermekistentiszteletek rendje 2021. szeptembert\u0151l"},"content":{"rendered":"<table style=\"width: 100%;\">\n<tbody>\n<tr>\n<td style=\"border-style: solid; border-color: #f0f0f0;\" width=\"170\">D\u00e1tum<\/td>\n<td style=\"border-style: solid; border-color: #f0f0f0;\" width=\"452\">Gyermekistentisztelet\/ csal\u00e1di istentisztelet<\/td>\n<td style=\"border-style: solid; border-color: #f0f0f0;\" width=\"311\">Helysz\u00edn<\/td>\n<\/tr>\n<tr>\n<td style=\"border-style: solid; border-color: #f0f0f0;\" width=\"170\">09.12. &#8211; 10.03.<\/td>\n<td style=\"border-style: solid; border-color: #f0f0f0;\" width=\"452\">9 \u00f3ra &#8211; 4-6. oszt\u00e1lyosok<\/p>\n<p>10 \u00f3ra &#8211; 1-3. oszt\u00e1lyosok<\/td>\n<td style=\"border-style: solid; border-color: #f0f0f0;\" width=\"311\">Gy\u00fclekezeti h\u00e1zban, <strong>kiv\u00e9ve 09.19-\u00e9n<\/strong> <strong>Lelk\u00e9szi Hivatal<\/strong><\/td>\n<\/tr>\n<tr>\n<td style=\"border-style: solid; border-color: #f0f0f0;\" width=\"170\">10.10.<\/td>\n<td style=\"border-style: solid; border-color: #f0f0f0;\" width=\"452\">10 \u00f3r\u00e1t\u00f3l <strong>csal\u00e1di istentisztelet<\/strong><\/p>\n<p>1-6. oszt\u00e1lyosok \u00e9s sz\u00fcleik k\u00f6z\u00f6s istentisztelete<\/td>\n<td style=\"border-style: solid; border-color: #f0f0f0;\" width=\"311\">Templomban<\/td>\n<\/tr>\n<tr>\n<td style=\"border-style: solid; border-color: #f0f0f0;\" width=\"170\">10.17.<\/td>\n<td style=\"border-style: solid; border-color: #f0f0f0;\" width=\"452\">9 \u00f3ra &#8211; 4-6. oszt\u00e1lyosok<\/p>\n<p>10 \u00f3ra &#8211; 1-3. oszt\u00e1lyosok<\/td>\n<td style=\"border-style: solid; border-color: #f0f0f0;\" width=\"311\">Gy\u00fclekezeti h\u00e1zban<\/td>\n<\/tr>\n<tr>\n<td style=\"border-style: solid; border-color: #f0f0f0;\" width=\"170\">\u0150szi sz\u00fcnet:<\/p>\n<p>10.24. &#8211; 10.31.<\/td>\n<td style=\"border-style: solid; border-color: #f0f0f0;\" width=\"452\">&nbsp;<\/p>\n<p>10 \u00f3r\u00e1t\u00f3l istentisztelet<\/td>\n<td style=\"border-style: solid; border-color: #f0f0f0;\" width=\"311\">Templomban<\/td>\n<\/tr>\n<tr>\n<td style=\"border-style: solid; border-color: #f0f0f0;\" width=\"170\">11.07.<\/td>\n<td style=\"border-style: solid; border-color: #f0f0f0;\" width=\"452\">9 \u00f3ra &#8211; 4-6. oszt\u00e1lyosok<\/p>\n<p>10 \u00f3ra &#8211; 1-3. oszt\u00e1lyosok<\/td>\n<td style=\"border-style: solid; border-color: #f0f0f0;\" width=\"311\">Gy\u00fclekezeti h\u00e1zban<\/td>\n<\/tr>\n<tr>\n<td style=\"border-style: solid; border-color: #f0f0f0;\" width=\"170\">11.14.<\/td>\n<td style=\"border-style: solid; border-color: #f0f0f0;\" width=\"452\">10 \u00f3r\u00e1t\u00f3l <strong>csal\u00e1di istentisztelet<\/strong><\/p>\n<p>1-6. oszt\u00e1lyosok \u00e9s sz\u00fcleik k\u00f6z\u00f6s istentisztelete<\/td>\n<td style=\"border-style: solid; border-color: #f0f0f0;\" width=\"311\">Templomban<\/td>\n<\/tr>\n<tr>\n<td style=\"border-style: solid; border-color: #f0f0f0;\" width=\"170\">11.21. &#8211; 12.12.<\/td>\n<td style=\"border-style: solid; border-color: #f0f0f0;\" width=\"452\">9 \u00f3ra &#8211; 4-6. oszt\u00e1lyosok<\/p>\n<p>10 \u00f3ra &#8211; 1-3. oszt\u00e1lyosok<\/td>\n<td style=\"border-style: solid; border-color: #f0f0f0;\" width=\"311\">Lelk\u00e9szi Hivatalban<\/td>\n<\/tr>\n<tr>\n<td style=\"border-style: solid; border-color: #f0f0f0;\" width=\"170\">12.19.<\/td>\n<td style=\"border-style: solid; border-color: #f0f0f0;\" width=\"452\">Gyermekkar\u00e1csony<\/p>\n<p>m\u0171sor \u00e9s szeretetvend\u00e9gs\u00e9g 15 \u00f3r\u00e1t\u00f3l<\/td>\n<td style=\"border-style: solid; border-color: #f0f0f0;\" width=\"311\">Gy\u00fclekezeti h\u00e1zban<\/td>\n<\/tr>\n<tr>\n<td style=\"border-style: solid; border-color: #f0f0f0;\" width=\"170\">Kar\u00e1csony\/sz\u00fcnet<\/p>\n<p>12.26. &#8211; 01.02.<\/td>\n<td style=\"border-style: solid; border-color: #f0f0f0;\" width=\"452\">&nbsp;<\/p>\n<p>10 \u00f3r\u00e1t\u00f3l istentisztelet<\/td>\n<td style=\"border-style: solid; border-color: #f0f0f0;\" width=\"311\">Gy\u00fclekezeti h\u00e1zban<\/td>\n<\/tr>\n<tr>\n<td style=\"border-style: solid; border-color: #f0f0f0;\" width=\"170\">01.09. \u2013 01.30.<\/td>\n<td style=\"border-style: solid; border-color: #f0f0f0;\" width=\"452\">9 \u00f3ra &#8211; 4-6. oszt\u00e1lyosok<\/p>\n<p>10 \u00f3ra &#8211; 1-3. oszt\u00e1lyosok<\/td>\n<td style=\"border-style: solid; border-color: #f0f0f0;\" width=\"311\">Lelk\u00e9szi Hivatalban<\/td>\n<\/tr>\n<\/tbody>\n<\/table>\n<ul>\n<li>A csal\u00e1di istentisztelettel annak az alkalm\u00e1t szeretn\u00e9nk megteremteni, hogy sz\u00fcl\u0151k \u00e9s gyermekek egy\u00fctt \u00e9lhess\u00e9k meg az istentisztelet szent, sz\u00e9p \u00e9lm\u00e9ny\u00e9t. Alkalmank\u00e9nt n\u00e9h\u00e1ny gyermeket Bajnok Ir\u00e9n vezet\u00e9s\u00e9vel szeretn\u00e9nk bevonni az istentiszteleti szolg\u00e1latba is. A k\u00f6z\u00f6s \u00e9nekl\u00e9s \u00e9s az ige-\/t\u00e9mav\u00e1laszt\u00e1s is a csal\u00e1di k\u00f6z\u00f6ss\u00e9g\u00fcnk meg\u00e9l\u00e9s\u00e9t igyekszik majd seg\u00edteni. Ezeket az id\u0151pontokat a gy\u00fclekezet honlapj\u00e1n \u00e9s facebook oldal\u00e1n ism\u00e9telten jelezni fogjuk. Szeretettel h\u00edvjuk \u00e9s v\u00e1rjuk a csal\u00e1dokat!<\/li>\n<\/ul>\n<p>&nbsp;<\/p>\n<ul>\n<li>Szeretettel \u00e9s tisztelettel k\u00e9rj\u00fck, hogy a gyermekistentiszteleteken \u2013 a csal\u00e1di alkalmakat kiv\u00e9ve \u2013 csak a gyermekek vegyenek r\u00e9szt! A kisebbeket k\u00eds\u00e9r\u0151 feln\u0151ttek a templomban v\u00e1rhatj\u00e1k meg a gyermekeket. Az 1. oszt\u00e1lyosok beilleszked\u00e9s\u00e9re az alkalmakat tart\u00f3 pedag\u00f3gusaink k\u00fcl\u00f6n is odafigyelnek majd. K\u00f6sz\u00f6nj\u00fck meg\u00e9rt\u00e9s\u00fcket!<\/li>\n<\/ul>\n","protected":false},"excerpt":{"rendered":"<p>D\u00e1tum Gyermekistentisztelet\/ csal\u00e1di istentisztelet Helysz\u00edn 09.12. &#8211; 10.03. 9 \u00f3ra &#8211; 4-6. oszt\u00e1lyosok 10 \u00f3ra &#8211; 1-3. oszt\u00e1lyosok Gy\u00fclekezeti h\u00e1zban, kiv\u00e9ve 09.19-\u00e9n Lelk\u00e9szi Hivatal 10.10. 10 \u00f3r\u00e1t\u00f3l csal\u00e1di istentisztelet 1-6. oszt\u00e1lyosok \u00e9s sz\u00fcleik k\u00f6z\u00f6s istentisztelete Templomban 10.17. 9 \u00f3ra &#8211; 4-6. oszt\u00e1lyosok 10 \u00f3ra &#8211; 1-3. oszt\u00e1lyosok Gy\u00fclekezeti h\u00e1zban \u0150szi sz\u00fcnet: 10.24. &#8211; 10.31. &nbsp; &hellip; <\/p>\n<p class=\"link-more\"><a href=\"https:\/\/rackeve.reformatus.hu\/?p=446\" class=\"more-link\"><span class=\"screen-reader-text\">&#8222;A reform\u00e1tus gyermekistentiszteletek rendje 2021. szeptembert\u0151l&#8221;<\/span> b\u0151vebben<\/a><\/p>\n","protected":false},"author":1,"featured_media":0,"comment_status":"open","ping_status":"closed","sticky":false,"template":"","format":"standard","meta":{"footnotes":""},"categories":[1],"tags":[],"class_list":["post-446","post","type-post","status-publish","format-standard","hentry","category-uncategorized"],"_links":{"self":[{"href":"https:\/\/rackeve.reformatus.hu\/index.php?rest_route=\/wp\/v2\/posts\/446","targetHints":{"allow":["GET"]}}],"collection":[{"href":"https:\/\/rackeve.reformatus.hu\/index.php?rest_route=\/wp\/v2\/posts"}],"about":[{"href":"https:\/\/rackeve.reformatus.hu\/index.php?rest_route=\/wp\/v2\/types\/post"}],"author":[{"embeddable":true,"href":"https:\/\/rackeve.reformatus.hu\/index.php?rest_route=\/wp\/v2\/users\/1"}],"replies":[{"embeddable":true,"href":"https:\/\/rackeve.reformatus.hu\/index.php?rest_route=%2Fwp%2Fv2%2Fcomments&post=446"}],"version-history":[{"count":4,"href":"https:\/\/rackeve.reformatus.hu\/index.php?rest_route=\/wp\/v2\/posts\/446\/revisions"}],"predecessor-version":[{"id":450,"href":"https:\/\/rackeve.reformatus.hu\/index.php?rest_route=\/wp\/v2\/posts\/446\/revisions\/450"}],"wp:attachment":[{"href":"https:\/\/rackeve.reformatus.hu\/index.php?rest_route=%2Fwp%2Fv2%2Fmedia&parent=446"}],"wp:term":[{"taxonomy":"category","embeddable":true,"href":"https:\/\/rackeve.reformatus.hu\/index.php?rest_route=%2Fwp%2Fv2%2Fcategories&post=446"},{"taxonomy":"post_tag","embeddable":true,"href":"https:\/\/rackeve.reformatus.hu\/index.php?rest_route=%2Fwp%2Fv2%2Ftags&post=446"}],"curies":[{"name":"wp","href":"https:\/\/api.w.org\/{rel}","templated":true}]}}