{"id":419,"date":"2021-05-15T19:11:21","date_gmt":"2021-05-15T17:11:21","guid":{"rendered":"https:\/\/rackeve.reformatus.hu\/?p=419"},"modified":"2021-05-15T19:12:19","modified_gmt":"2021-05-15T17:12:19","slug":"punkosdi-alkalmak","status":"publish","type":"post","link":"https:\/\/rackeve.reformatus.hu\/?p=419","title":{"rendered":"P\u00fcnk\u00f6sdi alkalmak"},"content":{"rendered":"<p style=\"text-align: right;\"><strong><img loading=\"lazy\" decoding=\"async\" class=\" wp-image-420 alignleft\" src=\"https:\/\/rackeve.reformatus.hu\/wp-content\/uploads\/2021\/05\/punkosd2021.jpg\" alt=\"\" width=\"104\" height=\"140\" \/>\u201eSzentl\u00e9lek, j\u00f6vel,<\/strong><br \/>\n<strong>Sz\u00edv\u00fcnk t\u00f6ltsd ma el,<\/strong><br \/>\n<strong>Szent er\u0151ddel, vigaszoddal<\/strong><br \/>\n<strong>L\u00e9gy hozz\u00e1nk k\u00f6zel!\u201d<\/strong><\/p>\n<p style=\"text-align: right;\"><strong>Ecsedy Alad\u00e1r<\/strong><\/p>\n<p>&nbsp;<\/p>\n<p style=\"text-align: center;\"><strong>Szeretettel h\u00edvunk \u00e9s v\u00e1runk mindenkit p\u00fcnk\u00f6sdi \u00fcnnepi istentiszteleteinkre!<\/strong><\/p>\n<p style=\"text-align: center;\">2021. M\u00e1jus 20-22-ig 18 \u00f3rai kezdettel<br \/>\n<strong>\u00farvacsorai el\u0151k\u00e9sz\u00edt\u0151k<\/strong> lesznek<br \/>\na Szegedi Kis Istv\u00e1n Gy\u00fclekezeti H\u00e1zban.<br \/>\nig\u00e9t hirdetnek: H\u00e1bel M\u00e1rton teol\u00f3gus hallgat\u00f3 \u00e9s K\u00e1lm\u00e1n B\u00e9la lelkip\u00e1sztor.<\/p>\n<p>&nbsp;<\/p>\n<p style=\"text-align: center;\"><strong>P\u00fcnk\u00f6sd 1. napj\u00e1n 10 \u00f3rakor a templomban tartunk \u00fcnnepi istentiszteletet,<br \/>\n<\/strong>ig\u00e9t hirdet K\u00e1lm\u00e1n B\u00e9la lelkip\u00e1sztor.<\/p>\n<p>&nbsp;<\/p>\n<p style=\"text-align: center;\"><strong>P\u00fcnk\u00f6sd 2. napj\u00e1n 10 \u00f3rakor a templomban tartunk \u00fcnnepi istentiszteletet,<br \/>\n<\/strong>ig\u00e9t hirdet H\u00e1bel M\u00e1rton teol\u00f3gus hallgat\u00f3.<\/p>\n<p style=\"text-align: center;\">mindk\u00e9t alkalommal<\/p>\n<p style=\"text-align: center;\"><strong>k\u00fcl\u00f6n kelyhes \u00farvacsoraoszt\u00e1s is lesz.<\/strong><\/p>\n<p style=\"text-align: center;\">SZERETETTEL K\u00c9R\u00dcNK MINDENKIT A J\u00c1RV\u00c1NY\u00dcGYI EL\u0150\u00cdR\u00c1SOK BETART\u00c1S\u00c1RA!<\/p>\n","protected":false},"excerpt":{"rendered":"<p>\u201eSzentl\u00e9lek, j\u00f6vel, Sz\u00edv\u00fcnk t\u00f6ltsd ma el, Szent er\u0151ddel, vigaszoddal L\u00e9gy hozz\u00e1nk k\u00f6zel!\u201d Ecsedy Alad\u00e1r &nbsp; Szeretettel h\u00edvunk \u00e9s v\u00e1runk mindenkit p\u00fcnk\u00f6sdi \u00fcnnepi istentiszteleteinkre! 2021. M\u00e1jus 20-22-ig 18 \u00f3rai kezdettel \u00farvacsorai el\u0151k\u00e9sz\u00edt\u0151k lesznek a Szegedi Kis Istv\u00e1n Gy\u00fclekezeti H\u00e1zban. ig\u00e9t hirdetnek: H\u00e1bel M\u00e1rton teol\u00f3gus hallgat\u00f3 \u00e9s K\u00e1lm\u00e1n B\u00e9la lelkip\u00e1sztor. &nbsp; P\u00fcnk\u00f6sd 1. napj\u00e1n 10 \u00f3rakor a &hellip; <\/p>\n<p class=\"link-more\"><a href=\"https:\/\/rackeve.reformatus.hu\/?p=419\" class=\"more-link\"><span class=\"screen-reader-text\">&#8222;P\u00fcnk\u00f6sdi alkalmak&#8221;<\/span> b\u0151vebben<\/a><\/p>\n","protected":false},"author":1,"featured_media":0,"comment_status":"open","ping_status":"closed","sticky":false,"template":"","format":"standard","meta":{"footnotes":""},"categories":[1],"tags":[],"class_list":["post-419","post","type-post","status-publish","format-standard","hentry","category-uncategorized"],"_links":{"self":[{"href":"https:\/\/rackeve.reformatus.hu\/index.php?rest_route=\/wp\/v2\/posts\/419","targetHints":{"allow":["GET"]}}],"collection":[{"href":"https:\/\/rackeve.reformatus.hu\/index.php?rest_route=\/wp\/v2\/posts"}],"about":[{"href":"https:\/\/rackeve.reformatus.hu\/index.php?rest_route=\/wp\/v2\/types\/post"}],"author":[{"embeddable":true,"href":"https:\/\/rackeve.reformatus.hu\/index.php?rest_route=\/wp\/v2\/users\/1"}],"replies":[{"embeddable":true,"href":"https:\/\/rackeve.reformatus.hu\/index.php?rest_route=%2Fwp%2Fv2%2Fcomments&post=419"}],"version-history":[{"count":2,"href":"https:\/\/rackeve.reformatus.hu\/index.php?rest_route=\/wp\/v2\/posts\/419\/revisions"}],"predecessor-version":[{"id":422,"href":"https:\/\/rackeve.reformatus.hu\/index.php?rest_route=\/wp\/v2\/posts\/419\/revisions\/422"}],"wp:attachment":[{"href":"https:\/\/rackeve.reformatus.hu\/index.php?rest_route=%2Fwp%2Fv2%2Fmedia&parent=419"}],"wp:term":[{"taxonomy":"category","embeddable":true,"href":"https:\/\/rackeve.reformatus.hu\/index.php?rest_route=%2Fwp%2Fv2%2Fcategories&post=419"},{"taxonomy":"post_tag","embeddable":true,"href":"https:\/\/rackeve.reformatus.hu\/index.php?rest_route=%2Fwp%2Fv2%2Ftags&post=419"}],"curies":[{"name":"wp","href":"https:\/\/api.w.org\/{rel}","templated":true}]}}