{"id":414,"date":"2021-05-07T08:01:10","date_gmt":"2021-05-07T06:01:10","guid":{"rendered":"https:\/\/rackeve.reformatus.hu\/?p=414"},"modified":"2021-05-07T08:01:10","modified_gmt":"2021-05-07T06:01:10","slug":"tajekoztato-5","status":"publish","type":"post","link":"https:\/\/rackeve.reformatus.hu\/?p=414","title":{"rendered":"T\u00e1j\u00e9koztat\u00f3"},"content":{"rendered":"<h2 style=\"text-align: center;\">KEDVES TESTV\u00c9REK!<\/h2>\n<p style=\"text-align: center;\"><strong>2021. m\u00e1jus 2-\u00e1t\u00f3l \u00fajra a templomban tartunk <\/strong><br \/>\n<strong>istentiszteletet 10 \u00f3rai kezd\u00e9ssel.<\/strong><br \/>\n\u00c9l\u0151ben a facebook oldalunkon is k\u00f6vethetik az istentiszteletet, valamint a <a href=\"http:\/\/www.rackeve.reformatus.hu\">www.rackeve.reformatus.hu<\/a>-n is el\u00e9rhet\u0151 a k\u00f6zvet\u00edt\u00e9s.<\/p>\n<p style=\"text-align: center;\">A r\u00f6vid\u00edtett liturgi\u00e1s istentiszteleten a maszk visel\u00e9se \u00e9s<br \/>\na t\u00e1vols\u00e1gtart\u00e1s tov\u00e1bbra is k\u00f6telez\u0151, a k\u00e9zfert\u0151tlen\u00edt\u00e9s biztos\u00edtott.<\/p>\n<p>&nbsp;<\/p>\n<ul>\n<li>S\u00fcrg\u0151s hivatali \u00fcgyekben (pl. temet\u00e9s) szerd\u00e1n \u00e9s szombaton 8.00-11.30 k\u00f6z\u00f6tt kereshetnek minket, vagy az al\u00e1bbi el\u00e9rhet\u0151s\u00e9geken:<\/li>\n<\/ul>\n<p style=\"padding-left: 40px;\">K\u00e1lm\u00e1n B\u00e9la lelkip\u00e1sztor \u2013 06306863497<br \/>\ne-mail: <a href=\"mailto:rackeve.ref@gmail.com\">rackeve.ref@gmail.com<\/a><\/p>\n<ul>\n<li>A temet\u00e9seken 50 f\u0151 vehet r\u00e9szt. K\u00f6telez\u0151 a maszk visel\u00e9se \u00e9s a t\u00e1vols\u00e1gtart\u00e1s, tov\u00e1bb\u00e1 csak k\u00fcls\u0151 ravataloz\u00e1s lehets\u00e9ges.<\/li>\n<li>Im\u00e1dkozzunk a j\u00e1rv\u00e1ny megsz\u0171n\u00e9s\u00e9\u00e9rt, a betegek\u00e9rt, a gy\u00e1szol\u00f3k\u00e9rt, az eg\u00e9szs\u00e9g\u00fcgyi dolgoz\u00f3k\u00e9rt \u00e9s a felel\u0151s d\u00f6nt\u00e9shoz\u00f3k\u00e9rt!<\/li>\n<\/ul>\n<p>&nbsp;<\/p>\n<p style=\"text-align: left;\">\n<strong>\u201eUram, szabad\u00edt\u00f3 Istenem, hozz\u00e1d ki\u00e1ltok \u00e9jjel-nappal. Jusson hozz\u00e1d im\u00e1ds\u00e1gom, figyelj esedez\u00e9semre!\u201d<\/strong><\/p>\n<p style=\"text-align: right;\">88. zsolt\u00e1r 2-3. verse<\/p>\n","protected":false},"excerpt":{"rendered":"<p>KEDVES TESTV\u00c9REK! 2021. m\u00e1jus 2-\u00e1t\u00f3l \u00fajra a templomban tartunk istentiszteletet 10 \u00f3rai kezd\u00e9ssel. \u00c9l\u0151ben a facebook oldalunkon is k\u00f6vethetik az istentiszteletet, valamint a www.rackeve.reformatus.hu-n is el\u00e9rhet\u0151 a k\u00f6zvet\u00edt\u00e9s. A r\u00f6vid\u00edtett liturgi\u00e1s istentiszteleten a maszk visel\u00e9se \u00e9s a t\u00e1vols\u00e1gtart\u00e1s tov\u00e1bbra is k\u00f6telez\u0151, a k\u00e9zfert\u0151tlen\u00edt\u00e9s biztos\u00edtott. &nbsp; S\u00fcrg\u0151s hivatali \u00fcgyekben (pl. temet\u00e9s) szerd\u00e1n \u00e9s szombaton 8.00-11.30 k\u00f6z\u00f6tt &hellip; <\/p>\n<p class=\"link-more\"><a href=\"https:\/\/rackeve.reformatus.hu\/?p=414\" class=\"more-link\"><span class=\"screen-reader-text\">&#8222;T\u00e1j\u00e9koztat\u00f3&#8221;<\/span> b\u0151vebben<\/a><\/p>\n","protected":false},"author":1,"featured_media":0,"comment_status":"open","ping_status":"closed","sticky":false,"template":"","format":"standard","meta":{"footnotes":""},"categories":[1],"tags":[],"class_list":["post-414","post","type-post","status-publish","format-standard","hentry","category-uncategorized"],"_links":{"self":[{"href":"https:\/\/rackeve.reformatus.hu\/index.php?rest_route=\/wp\/v2\/posts\/414","targetHints":{"allow":["GET"]}}],"collection":[{"href":"https:\/\/rackeve.reformatus.hu\/index.php?rest_route=\/wp\/v2\/posts"}],"about":[{"href":"https:\/\/rackeve.reformatus.hu\/index.php?rest_route=\/wp\/v2\/types\/post"}],"author":[{"embeddable":true,"href":"https:\/\/rackeve.reformatus.hu\/index.php?rest_route=\/wp\/v2\/users\/1"}],"replies":[{"embeddable":true,"href":"https:\/\/rackeve.reformatus.hu\/index.php?rest_route=%2Fwp%2Fv2%2Fcomments&post=414"}],"version-history":[{"count":1,"href":"https:\/\/rackeve.reformatus.hu\/index.php?rest_route=\/wp\/v2\/posts\/414\/revisions"}],"predecessor-version":[{"id":415,"href":"https:\/\/rackeve.reformatus.hu\/index.php?rest_route=\/wp\/v2\/posts\/414\/revisions\/415"}],"wp:attachment":[{"href":"https:\/\/rackeve.reformatus.hu\/index.php?rest_route=%2Fwp%2Fv2%2Fmedia&parent=414"}],"wp:term":[{"taxonomy":"category","embeddable":true,"href":"https:\/\/rackeve.reformatus.hu\/index.php?rest_route=%2Fwp%2Fv2%2Fcategories&post=414"},{"taxonomy":"post_tag","embeddable":true,"href":"https:\/\/rackeve.reformatus.hu\/index.php?rest_route=%2Fwp%2Fv2%2Ftags&post=414"}],"curies":[{"name":"wp","href":"https:\/\/api.w.org\/{rel}","templated":true}]}}