{"id":356,"date":"2021-03-09T15:40:18","date_gmt":"2021-03-09T13:40:18","guid":{"rendered":"https:\/\/rackeve.reformatus.hu\/?p=356"},"modified":"2021-03-09T15:46:07","modified_gmt":"2021-03-09T13:46:07","slug":"tajekoztato-3","status":"publish","type":"post","link":"https:\/\/rackeve.reformatus.hu\/?p=356","title":{"rendered":"T\u00e1j\u00e9koztat\u00f3"},"content":{"rendered":"<p>KEDVES TESTV\u00c9REK!<\/p>\n<p>A Zsinat Eln\u00f6ks\u00e9gi Tan\u00e1cs\u00e1nak hat\u00e1rozata \u00e9rtelm\u00e9ben m\u00e1rcius 8. \u00e9s 26. k\u00f6z\u00f6tt \u201eminden, szem\u00e9lyes jelenl\u00e9ttel j\u00e1r\u00f3 istentisztelet, gy\u00fclekezeti alkalom \u00e9s \u00f6sszej\u00f6vetel sz\u00fcnetel\u201d a Magyarorsz\u00e1gi Reform\u00e1tus Egyh\u00e1zban. A nagyheti \u00e9s h\u00fasv\u00e9ti istentiszteletek rendj\u00e9r\u0151l k\u00e9s\u0151bb d\u00f6ntenek.<\/p>\n<p>Az igehirdet\u00e9sek, tov\u00e1bb\u00e1 az aktu\u00e1lis inform\u00e1ci\u00f3k gy\u00fclekezt\u00fcnk honlapj\u00e1n \u00e9s Facebook oldal\u00e1n lesznek el\u00e9rhet\u0151k.<\/p>\n","protected":false},"excerpt":{"rendered":"<p>KEDVES TESTV\u00c9REK! A Zsinat Eln\u00f6ks\u00e9gi Tan\u00e1cs\u00e1nak hat\u00e1rozata \u00e9rtelm\u00e9ben m\u00e1rcius 8. \u00e9s 26. k\u00f6z\u00f6tt \u201eminden, szem\u00e9lyes jelenl\u00e9ttel j\u00e1r\u00f3 istentisztelet, gy\u00fclekezeti alkalom \u00e9s \u00f6sszej\u00f6vetel sz\u00fcnetel\u201d a Magyarorsz\u00e1gi Reform\u00e1tus Egyh\u00e1zban. A nagyheti \u00e9s h\u00fasv\u00e9ti istentiszteletek rendj\u00e9r\u0151l k\u00e9s\u0151bb d\u00f6ntenek. Az igehirdet\u00e9sek, tov\u00e1bb\u00e1 az aktu\u00e1lis inform\u00e1ci\u00f3k gy\u00fclekezt\u00fcnk honlapj\u00e1n \u00e9s Facebook oldal\u00e1n lesznek el\u00e9rhet\u0151k.<\/p>\n","protected":false},"author":1,"featured_media":0,"comment_status":"open","ping_status":"closed","sticky":false,"template":"","format":"standard","meta":{"footnotes":""},"categories":[1],"tags":[],"class_list":["post-356","post","type-post","status-publish","format-standard","hentry","category-uncategorized"],"_links":{"self":[{"href":"https:\/\/rackeve.reformatus.hu\/index.php?rest_route=\/wp\/v2\/posts\/356","targetHints":{"allow":["GET"]}}],"collection":[{"href":"https:\/\/rackeve.reformatus.hu\/index.php?rest_route=\/wp\/v2\/posts"}],"about":[{"href":"https:\/\/rackeve.reformatus.hu\/index.php?rest_route=\/wp\/v2\/types\/post"}],"author":[{"embeddable":true,"href":"https:\/\/rackeve.reformatus.hu\/index.php?rest_route=\/wp\/v2\/users\/1"}],"replies":[{"embeddable":true,"href":"https:\/\/rackeve.reformatus.hu\/index.php?rest_route=%2Fwp%2Fv2%2Fcomments&post=356"}],"version-history":[{"count":5,"href":"https:\/\/rackeve.reformatus.hu\/index.php?rest_route=\/wp\/v2\/posts\/356\/revisions"}],"predecessor-version":[{"id":361,"href":"https:\/\/rackeve.reformatus.hu\/index.php?rest_route=\/wp\/v2\/posts\/356\/revisions\/361"}],"wp:attachment":[{"href":"https:\/\/rackeve.reformatus.hu\/index.php?rest_route=%2Fwp%2Fv2%2Fmedia&parent=356"}],"wp:term":[{"taxonomy":"category","embeddable":true,"href":"https:\/\/rackeve.reformatus.hu\/index.php?rest_route=%2Fwp%2Fv2%2Fcategories&post=356"},{"taxonomy":"post_tag","embeddable":true,"href":"https:\/\/rackeve.reformatus.hu\/index.php?rest_route=%2Fwp%2Fv2%2Ftags&post=356"}],"curies":[{"name":"wp","href":"https:\/\/api.w.org\/{rel}","templated":true}]}}