{"id":278,"date":"2020-11-04T23:19:33","date_gmt":"2020-11-04T21:19:33","guid":{"rendered":"https:\/\/rackeve.reformatus.hu\/?p=278"},"modified":"2020-11-04T23:19:34","modified_gmt":"2020-11-04T21:19:34","slug":"felhivas-lelkipasztor-testvereinkhez-ovintezkedesek-a-koronavirus-jarvany-masodik-hullamaban","status":"publish","type":"post","link":"https:\/\/rackeve.reformatus.hu\/?p=278","title":{"rendered":"Felh\u00edv\u00e1s lelkip\u00e1sztor testv\u00e9reinkhez: \u00f3vint\u00e9zked\u00e9sek a koronav\u00edrus-j\u00e1rv\u00e1ny m\u00e1sodik hull\u00e1m\u00e1ban"},"content":{"rendered":"\n<p>www. reformatus.hu, <strong>Kommunik\u00e1ci\u00f3s Szolg\u00e1lat<\/strong>\u00a02020. november 4.<\/p>\n\n\n\n<p>A Magyarorsz\u00e1gi Reform\u00e1tus Egyh\u00e1z Zsinat\u00e1nak Eln\u00f6ks\u00e9gi Tan\u00e1csa 2020. november 4-\u00e9n vide\u00f3konferenci\u00e1n tartott megbesz\u00e9l\u00e9s\u00e9n \u00e1ttekintette az eg\u00e9szs\u00e9g\u00fcgyi v\u00e1ls\u00e1ghelyzet (koronav\u00edrus-j\u00e1rv\u00e1ny) kapcs\u00e1n tett korm\u00e1nyzati \u00e9s k\u00f6zeg\u00e9szs\u00e9g\u00fcgyi int\u00e9zked\u00e9seket \u00e9s azok hat\u00e1s\u00e1t istentiszteleti \u00e9let\u00fcnkre \u00e9s gyakorlatunkra. Mindezek alapj\u00e1n a k\u00f6vetkez\u0151 felh\u00edv\u00e1ssal fordulunk szolgat\u00e1rsainkhoz:<\/p>\n\n\n\n<p>Lelkip\u00e1sztor testv\u00e9reink \u00e9s gy\u00fclekezeteink k\u00f6teless\u00e9ge, hogy hat\u00e1lyos t\u00f6rv\u00e9nyeink \u00e9s rendelkez\u00e9seink \u00e9rtelm\u00e9ben minden templomi \u00e9s templomon k\u00edv\u00fcli egyh\u00e1zi alkalmon p\u00e9ldamutat\u00f3an \u00e9s szigor\u00faan tarts\u00e1k be a hat\u00f3s\u00e1gi el\u0151\u00edr\u00e1sokat, valamint a t\u00e1vols\u00e1gtart\u00e1si, maszkhaszn\u00e1lati \u00e9s fert\u0151tlen\u00edt\u00e9si szab\u00e1lyokat.<\/p>\n\n\n\n<p>K\u00e9rj\u00fck, hogy templomainkban, gy\u00fclekezeti termeinkben \u00e9s a lelk\u00e9szi hivatalokban helyezzenek ki k\u00e9zfert\u0151tlen\u00edt\u0151t.<\/p>\n\n\n\n<p>Rendszeresen v\u00e9gezzenek a padokra, asztalokra is kiterjed\u0151 fert\u0151tlen\u00edt\u0151 takar\u00edt\u00e1st.<\/p>\n\n\n\n<p>Gondoskodjanak a gy\u00fclekezeti alkalmaink el\u0151tt \u00e9s ut\u00e1n az alapos szell\u0151ztet\u00e9sr\u0151l.<\/p>\n\n\n\n<p>Az \u00e1llami rendelkez\u00e9sek \u00e9rtelm\u00e9ben a lelk\u00e9szi hivatalok nyitvatart\u00e1si idej\u00e9ben minden ott tart\u00f3zkod\u00f3nak k\u00f6telez\u0151 a maszkhaszn\u00e1lat \u00e9s a t\u00e1vols\u00e1gtart\u00e1s betart\u00e1sa. K\u00e9rj\u00fck, hogy erre j\u00f3l l\u00e1that\u00f3 felirattal is h\u00edvj\u00e1k fel a figyelmet.<\/p>\n\n\n\n<h2 class=\"wp-block-heading\">ISTENTISZTELETEK<\/h2>\n\n\n\n<p>K\u00e9rj\u00fck, hogy istentiszteleteken \u00e9s biblia\u00f3r\u00e1kon a templomi padokban (\u00fcl\u00e9srend megjel\u00f6l\u00e9s\u00e9vel) biztos\u00edts\u00e1k a megfelel\u0151 t\u00e1vols\u00e1gtart\u00e1st. Ahol sz\u00e9kek vannak, ott csak minden harmadik sz\u00e9ken \u00fcljenek, vagy rendezz\u00e9k be a termet a megszabott t\u00e1vols\u00e1ghoz igaz\u00edtva. Ugyanez vonatkozik presbiteri \u00e9s m\u00e1s egyh\u00e1zi gy\u0171l\u00e9sekre.<\/p>\n\n\n\n<p>Javasoljuk, hogy istentiszteleteinken cs\u00f6kkents\u00e9k a gy\u00fclekezeti \u00e9nekl\u00e9st egy-egy kezd\u0151 \u00e9s z\u00e1r\u00f3 \u00e9nekversre. A gy\u00fclekezet tov\u00e1bbi k\u00f6z\u00f6s \u00e9nekl\u00e9se helyett \u2013 ha lehet\u0151s\u00e9g van r\u00e1 \u2013 hangszeres zene sz\u00f3ljon.<\/p>\n\n\n\n<p>K\u00e9rj\u00fck, hogy el\u0151zetes hirdet\u00e9sek \u00fatj\u00e1n is nyomat\u00e9kosan h\u00edvj\u00e1k fel gy\u00fclekezeti tagjaink figyelm\u00e9t arra, hogy az istentiszteleten \u00e9s egyh\u00e1zi gy\u0171l\u00e9seken kiz\u00e1r\u00f3lag orrot \u00e9s sz\u00e1jat eltakar\u00f3 maszkban lehet r\u00e9szt venni.<\/p>\n\n\n\n<p>K\u00e9rj\u00fck, hogy a lelkip\u00e1sztorok az istentiszteleten, gy\u00fclekezeti alkalmakon, kazu\u00e1lis szolg\u00e1latok v\u00e9gz\u00e9sekor csak megsz\u00f3lal\u00e1suk idej\u00e9re vegy\u00e9k le az arcmaszkot! Ugyanez vonatkozik az egyh\u00e1zi vagy m\u00e1s gy\u0171l\u00e9sekre is, illetve m\u00e1s, telep\u00fcl\u00e9si, iskolai, int\u00e9zm\u00e9nyi \u00e9s k\u00f6z\u00f6ss\u00e9gi rendezv\u00e9nyekre is.<\/p>\n\n\n\n<p>K\u00e9rj\u00fck, hogy az istentiszteleteken ker\u00fclj\u00e9k a kontaktussal j\u00e1r\u00f3 \u00fcdv\u00f6zl\u00e9s \u00e9s elk\u00f6sz\u00f6n\u00e9s minden form\u00e1j\u00e1t.<\/p>\n\n\n\n<h2 class=\"wp-block-heading\">EGY\u00c9B SZOLG\u00c1LATOK<\/h2>\n\n\n\n<p>K\u00e9rj\u00fck, hogy legyenek k\u00fcl\u00f6n figyelemmel arra, hogy az esk\u00fcv\u0151i \u00e9s a temet\u00e9si gy\u00fclekezet tagjai is tarts\u00e1k be a j\u00e1rv\u00e1ny\u00fcgyi biztons\u00e1gi szab\u00e1lyokat, erre a r\u00e9sztvev\u0151k figyelm\u00e9t is h\u00edvj\u00e1k fel.<\/p>\n\n\n\n<p>A temet\u00e9s felv\u00e9telekor \u00e9s a temet\u00e9si szolg\u00e1lat eg\u00e9sz ideje alatt lelkip\u00e1sztor testv\u00e9reink tarts\u00e1k meg a gy\u00e1szol\u00f3kt\u00f3l a m\u00e1sf\u00e9l-k\u00e9tm\u00e9teres vagy nagyobb t\u00e1vols\u00e1got, \u00e9s erre k\u00e9rj\u00e9k meg a jelenl\u00e9v\u0151 gy\u00e1szol\u00f3kat is.<\/p>\n\n\n\n<p>A temet\u00e9sek ut\u00e1n tart\u00f3zkodjanak a k\u00f6zvetlen r\u00e9szv\u00e9tnyilv\u00e1n\u00edt\u00e1s megszokott gesztusait\u00f3l \u00e9s erre k\u00e9rj\u00e9k meg a gy\u00e1szol\u00f3 gy\u00fclekezet tagjait is.<\/p>\n\n\n\n<p>Javasoljuk, hogy a temet\u00e9si szolg\u00e1lat a lehet\u0151 legr\u00f6videbb id\u0151re korl\u00e1toz\u00f3dj\u00e9k.<\/p>\n\n\n\n<p>Ahol lehet\u0151s\u00e9g van, ott aj\u00e1nljuk a k\u00fclt\u00e9ri ravataloz\u00e1st.<\/p>\n\n\n\n<p>Ha csak a s\u00edrn\u00e1l van lehet\u0151s\u00e9g a szertart\u00e1sra, akkor a ravataloz\u00f3 el\u0151tti \u00e9s a s\u00edrn\u00e1l v\u00e9gzett liturgi\u00e1t \u00f6ssze kell vonni, de a felt\u00e1mad\u00e1s ig\u00e9i \u00e9s az apostoli hitvall\u00e1s mindenk\u00e9ppen hangozzon el!<\/p>\n\n\n\n<p>K\u00e9rj\u00fck, hogy a 65 \u00e9vesn\u00e9l id\u0151sebb vagy kr\u00f3nikus betegs\u00e9ggel \u00e9l\u0151 lelkip\u00e1sztorok helyett fiatalabb szolgat\u00e1rsak v\u00e1llalj\u00e1k el a temet\u00e9st. Az egyh\u00e1zmegy\u00e9k sz\u00fcks\u00e9g szerint seg\u00edts\u00e9k a helyettes\u00edt\u00e9sek rendj\u00e9nek a kialak\u00edt\u00e1s\u00e1t.<\/p>\n\n\n\n<p>Az adventi \u00e9s kar\u00e1csonyi \u00fcnnepek k\u00f6zeledt\u00e9vel az Eln\u00f6ks\u00e9gi Tan\u00e1cs \u00fajabb rendelkez\u00e9ssel fog \u00e9lni.<\/p>\n\n\n\n<p>Tov\u00e1bbra is kitart\u00f3an k\u00f6ny\u00f6r\u00f6gj\u00fcnk Istenhez a j\u00e1rv\u00e1ny elm\u00fal\u00e1s\u00e1\u00e9rt, betegeink gy\u00f3gyul\u00e1s\u00e1\u00e9rt \u00e9s gy\u00e1szol\u00f3 testv\u00e9reink vigasztal\u00f3d\u00e1s\u00e1\u00e9rt. Isten legyen mindny\u00e1junk \u0151riz\u0151 p\u00e1sztora!<\/p>\n\n\n\n<p>Budapest, 2020. november 4.<\/p>\n\n\n\n<p><em>A Magyarorsz\u00e1gi Reform\u00e1tus Egyh\u00e1z Zsinat\u00e1nak Eln\u00f6ks\u00e9gi Tan\u00e1csa<\/em><\/p>\n","protected":false},"excerpt":{"rendered":"<p>www. reformatus.hu, Kommunik\u00e1ci\u00f3s Szolg\u00e1lat\u00a02020. november 4. A Magyarorsz\u00e1gi Reform\u00e1tus Egyh\u00e1z Zsinat\u00e1nak Eln\u00f6ks\u00e9gi Tan\u00e1csa 2020. november 4-\u00e9n vide\u00f3konferenci\u00e1n tartott megbesz\u00e9l\u00e9s\u00e9n \u00e1ttekintette az eg\u00e9szs\u00e9g\u00fcgyi v\u00e1ls\u00e1ghelyzet (koronav\u00edrus-j\u00e1rv\u00e1ny) kapcs\u00e1n tett korm\u00e1nyzati \u00e9s k\u00f6zeg\u00e9szs\u00e9g\u00fcgyi int\u00e9zked\u00e9seket \u00e9s azok hat\u00e1s\u00e1t istentiszteleti \u00e9let\u00fcnkre \u00e9s gyakorlatunkra. Mindezek alapj\u00e1n a k\u00f6vetkez\u0151 felh\u00edv\u00e1ssal fordulunk szolgat\u00e1rsainkhoz: Lelkip\u00e1sztor testv\u00e9reink \u00e9s gy\u00fclekezeteink k\u00f6teless\u00e9ge, hogy hat\u00e1lyos t\u00f6rv\u00e9nyeink \u00e9s rendelkez\u00e9seink \u00e9rtelm\u00e9ben &hellip; <\/p>\n<p class=\"link-more\"><a href=\"https:\/\/rackeve.reformatus.hu\/?p=278\" class=\"more-link\"><span class=\"screen-reader-text\">&#8222;Felh\u00edv\u00e1s lelkip\u00e1sztor testv\u00e9reinkhez: \u00f3vint\u00e9zked\u00e9sek a koronav\u00edrus-j\u00e1rv\u00e1ny m\u00e1sodik hull\u00e1m\u00e1ban&#8221;<\/span> b\u0151vebben<\/a><\/p>\n","protected":false},"author":1,"featured_media":0,"comment_status":"open","ping_status":"closed","sticky":false,"template":"","format":"standard","meta":{"footnotes":""},"categories":[1],"tags":[],"class_list":["post-278","post","type-post","status-publish","format-standard","hentry","category-uncategorized"],"_links":{"self":[{"href":"https:\/\/rackeve.reformatus.hu\/index.php?rest_route=\/wp\/v2\/posts\/278","targetHints":{"allow":["GET"]}}],"collection":[{"href":"https:\/\/rackeve.reformatus.hu\/index.php?rest_route=\/wp\/v2\/posts"}],"about":[{"href":"https:\/\/rackeve.reformatus.hu\/index.php?rest_route=\/wp\/v2\/types\/post"}],"author":[{"embeddable":true,"href":"https:\/\/rackeve.reformatus.hu\/index.php?rest_route=\/wp\/v2\/users\/1"}],"replies":[{"embeddable":true,"href":"https:\/\/rackeve.reformatus.hu\/index.php?rest_route=%2Fwp%2Fv2%2Fcomments&post=278"}],"version-history":[{"count":1,"href":"https:\/\/rackeve.reformatus.hu\/index.php?rest_route=\/wp\/v2\/posts\/278\/revisions"}],"predecessor-version":[{"id":279,"href":"https:\/\/rackeve.reformatus.hu\/index.php?rest_route=\/wp\/v2\/posts\/278\/revisions\/279"}],"wp:attachment":[{"href":"https:\/\/rackeve.reformatus.hu\/index.php?rest_route=%2Fwp%2Fv2%2Fmedia&parent=278"}],"wp:term":[{"taxonomy":"category","embeddable":true,"href":"https:\/\/rackeve.reformatus.hu\/index.php?rest_route=%2Fwp%2Fv2%2Fcategories&post=278"},{"taxonomy":"post_tag","embeddable":true,"href":"https:\/\/rackeve.reformatus.hu\/index.php?rest_route=%2Fwp%2Fv2%2Ftags&post=278"}],"curies":[{"name":"wp","href":"https:\/\/api.w.org\/{rel}","templated":true}]}}