{"id":223,"date":"2020-09-16T08:43:58","date_gmt":"2020-09-16T06:43:58","guid":{"rendered":"https:\/\/rackeve.reformatus.hu\/?p=223"},"modified":"2020-09-16T08:43:59","modified_gmt":"2020-09-16T06:43:59","slug":"gyermekistentisztelet","status":"publish","type":"post","link":"https:\/\/rackeve.reformatus.hu\/?p=223","title":{"rendered":"Gyermekistentisztelet"},"content":{"rendered":"\n<p>Kedves Sz\u00fcl\u0151k! <\/p>\n\n\n\n<p>A reform\u00e1tus gyermekistentiszteletek rendje a jelen helyzetben a k\u00f6vetkez\u0151: <\/p>\n\n\n\n<p>R\u00f6videbb alkalmakat tartunk a gy\u00fclekezeti h\u00e1zban, k\u00e9zfert\u0151tlen\u00edt\u00e9st \u00e9s t\u00e1vols\u00e1gtart\u00e1st biztos\u00edtva. Csak teljesen eg\u00e9szs\u00e9ges gyermek vehet r\u00e9szt az istentiszteleten. Az 1-3. oszt\u00e1lyosoknak <strong>\u00daJ ID\u0150PONTBAN<\/strong>: vas\u00e1rnap 9.30-10.00 \u00f3r\u00e1ig, a 4-6. oszt\u00e1lyosoknak 9.00-9.30-ig tart az alkalom. K\u00e9rj\u00fck tov\u00e1bb\u00e1 azt is, hogy a gyermekek lehet\u0151s\u00e9g szerint viseljenek maszkot.<br>A nem r\u00e1ckevei gyerekek tov\u00e1bbra is a saj\u00e1t gy\u00fclekezet\u00fckben j\u00e1rnak gyermekistentiszteletre. Ha k\u00e9rd\u00e9s\u00fck, gondjuk van, keressenek a <em>06306863497 <\/em>sz\u00e1mon, vagy a <em>rackeve.ref@gmail.com<\/em> c\u00edmen. <\/p>\n\n\n\n<p>K\u00e1lm\u00e1n B\u00e9la<\/p>\n","protected":false},"excerpt":{"rendered":"<p>Kedves Sz\u00fcl\u0151k! A reform\u00e1tus gyermekistentiszteletek rendje a jelen helyzetben a k\u00f6vetkez\u0151: R\u00f6videbb alkalmakat tartunk a gy\u00fclekezeti h\u00e1zban, k\u00e9zfert\u0151tlen\u00edt\u00e9st \u00e9s t\u00e1vols\u00e1gtart\u00e1st biztos\u00edtva. Csak teljesen eg\u00e9szs\u00e9ges gyermek vehet r\u00e9szt az istentiszteleten. Az 1-3. oszt\u00e1lyosoknak \u00daJ ID\u0150PONTBAN: vas\u00e1rnap 9.30-10.00 \u00f3r\u00e1ig, a 4-6. oszt\u00e1lyosoknak 9.00-9.30-ig tart az alkalom. K\u00e9rj\u00fck tov\u00e1bb\u00e1 azt is, hogy a gyermekek lehet\u0151s\u00e9g szerint viseljenek maszkot.A &hellip; <\/p>\n<p class=\"link-more\"><a href=\"https:\/\/rackeve.reformatus.hu\/?p=223\" class=\"more-link\"><span class=\"screen-reader-text\">&#8222;Gyermekistentisztelet&#8221;<\/span> b\u0151vebben<\/a><\/p>\n","protected":false},"author":1,"featured_media":0,"comment_status":"open","ping_status":"closed","sticky":false,"template":"","format":"standard","meta":{"footnotes":""},"categories":[1],"tags":[],"class_list":["post-223","post","type-post","status-publish","format-standard","hentry","category-uncategorized"],"_links":{"self":[{"href":"https:\/\/rackeve.reformatus.hu\/index.php?rest_route=\/wp\/v2\/posts\/223","targetHints":{"allow":["GET"]}}],"collection":[{"href":"https:\/\/rackeve.reformatus.hu\/index.php?rest_route=\/wp\/v2\/posts"}],"about":[{"href":"https:\/\/rackeve.reformatus.hu\/index.php?rest_route=\/wp\/v2\/types\/post"}],"author":[{"embeddable":true,"href":"https:\/\/rackeve.reformatus.hu\/index.php?rest_route=\/wp\/v2\/users\/1"}],"replies":[{"embeddable":true,"href":"https:\/\/rackeve.reformatus.hu\/index.php?rest_route=%2Fwp%2Fv2%2Fcomments&post=223"}],"version-history":[{"count":1,"href":"https:\/\/rackeve.reformatus.hu\/index.php?rest_route=\/wp\/v2\/posts\/223\/revisions"}],"predecessor-version":[{"id":224,"href":"https:\/\/rackeve.reformatus.hu\/index.php?rest_route=\/wp\/v2\/posts\/223\/revisions\/224"}],"wp:attachment":[{"href":"https:\/\/rackeve.reformatus.hu\/index.php?rest_route=%2Fwp%2Fv2%2Fmedia&parent=223"}],"wp:term":[{"taxonomy":"category","embeddable":true,"href":"https:\/\/rackeve.reformatus.hu\/index.php?rest_route=%2Fwp%2Fv2%2Fcategories&post=223"},{"taxonomy":"post_tag","embeddable":true,"href":"https:\/\/rackeve.reformatus.hu\/index.php?rest_route=%2Fwp%2Fv2%2Ftags&post=223"}],"curies":[{"name":"wp","href":"https:\/\/api.w.org\/{rel}","templated":true}]}}